{"id":2436,"date":"2019-09-04T20:51:07","date_gmt":"2019-09-04T18:51:07","guid":{"rendered":"https:\/\/itw-technik.de\/?p=2436"},"modified":"2019-09-05T21:09:27","modified_gmt":"2019-09-05T19:09:27","slug":"main-kinzig-kreis-waechst-international","status":"publish","type":"post","link":"https:\/\/itw-technik.de\/de\/main-kinzig-kreis-waechst-international\/","title":{"rendered":"Main-Kinzig-Kreis w\u00e4chst international"},"content":{"rendered":"<div id=\"pl-2436\"  class=\"panel-layout\" ><div id=\"pg-2436-0\"  class=\"panel-grid panel-no-style\" ><div id=\"pgc-2436-0-0\"  class=\"panel-grid-cell\" ><div id=\"panel-2436-0-0-0\" class=\"so-panel widget widget_sow-editor panel-first-child panel-last-child\" data-index=\"0\" ><div\n\t\t\t\n\t\t\tclass=\"so-widget-sow-editor so-widget-sow-editor-base\"\n\t\t\t\n\t\t>\n<div class=\"siteorigin-widget-tinymce textwidget\">\n\t<h3>ITW Einweihungsfeier der neuen Produktionshalle<\/h3>\n<p>Birstein, B\u00f6\u00df-Ges\u00e4\u00df (mm) Die Firma ITW Industrie-Technik Werth GmbH \u2013 kurz ITW \u2013 feierte am 30. August die Einweihung der neuen Stahlbauhalle. Diese erweitert den jetzigen Produktionsstandort um einen rund 800 m<sup>2<\/sup>\u00a0gro\u00dfen Produktionsbereich, sowie 270 m<sup>2<\/sup>\u00a0B\u00fcro- und Gesch\u00e4ftsr\u00e4ume. Das international erfolgreich t\u00e4tige Unternehmen ITW bietet ma\u00dfgeschneiderte L\u00f6sungen im Bereich Verpackungstechnik, F\u00f6rdertechnik, Sondermaschinenbau und Edelstahlkonstruktionen und konnte in den letzten Jahren ein kontinuierliches Wachstum verzeichnen. Der Grundstein der neuen Fertigungsst\u00e4tte wurde Anfang 2018 gelegt. Bereits im Oktober 2018 konnte der erste Bauabschnitt, die Produktionshalle, fertiggestellt und bezogen werden. Im Mai dieses Jahres wurde der zweite Teil, die B\u00fcro- und Gesch\u00e4ftsr\u00e4ume bezogen. Die ITW-Konstruktionsabteilung erhielt dort einen v\u00f6llig neuen Arbeitsbereich. <\/p>\n<h3>Neue Arbeitspl\u00e4tze<\/h3>\n<p>Mit der neuen Produktionshalle mit angrenzendem B\u00fcrotrakt, wurde eine Kapazit\u00e4t f\u00fcr rund 20 neue Arbeitspl\u00e4tze, sowie neue Sozialr\u00e4ume geschaffen. Diese Bauma\u00dfnahme wurde n\u00f6tig, da die bisherige Gr\u00f6\u00dfe der Betriebsst\u00e4tte aufgrund der hohen Auftragslage an die Grenzen stie\u00df. Thorsten Stolz betonte mehrfach, wie sehr das Unternehmen ITW zur Wirtschaftskraft des Main-Kinzig-Kreises beitr\u00e4gt und f\u00fcr stabile Arbeits- und Ausbildungspl\u00e4tze sorgt.\u2028Auch B\u00fcrgermeister Wolfgang Gottlieb bedankte sich bei der Firma ITW f\u00fcr die St\u00e4rkung des eher konjunkturschwachen Wirtschaftsstandortes, aber auch f\u00fcr die Unterst\u00fctzung der umliegenden Feuerwehren, da ITW bei etwaigen Eins\u00e4tzen Angeh\u00f6rige von freiwilligen Feuerwehren regelm\u00e4\u00dfig freistellt.\u2028Gefeiert wurde mit einer Live-Band und einem internationalen Buffet, sodass die Feier bis in den sp\u00e4ten Abend mit freudiger Stimmung anhielt. Nun ist ITW f\u00fcr die Zukunft und kommende Kundenprojekte der Industrie gut aufgestellt.<\/p>\n<\/div>\n<\/div><\/div><\/div><div id=\"pgc-2436-0-1\"  class=\"panel-grid-cell\" ><div id=\"panel-2436-0-1-0\" class=\"so-panel widget widget_sow-editor panel-first-child\" data-index=\"1\" ><div\n\t\t\t\n\t\t\tclass=\"so-widget-sow-editor so-widget-sow-editor-base\"\n\t\t\t\n\t\t>\n<div class=\"siteorigin-widget-tinymce textwidget\">\n\t<h3>ITW Produktionshalle<br \/>B\u00fcro- und Gesch\u00e4ftsr\u00e4ume<\/h3>\n<p><img loading=\"lazy\" decoding=\"async\" src=\"https:\/\/itw-technik.de\/wp-content\/uploads\/itw-neue-produktionshalle-2019-DJI-0026-730x500.jpg\" alt=\"ITW Neue Produktionshalle 2019\" width=\"730\" height=\"500\" class=\"alignnone size-full wp-image-2442\" \/><\/p>\n<\/div>\n<\/div><\/div><div id=\"panel-2436-0-1-1\" class=\"so-panel widget widget_sow-editor panel-last-child\" data-index=\"2\" ><div\n\t\t\t\n\t\t\tclass=\"so-widget-sow-editor so-widget-sow-editor-base\"\n\t\t\t\n\t\t>\n<div class=\"siteorigin-widget-tinymce textwidget\">\n\t<h3>ITW Group<\/h3>\n<p><img loading=\"lazy\" decoding=\"async\" src=\"https:\/\/itw-technik.de\/wp-content\/uploads\/itw-group-2019-1600x800.jpg\" alt=\"ITW Gruppenfoto 2019\" width=\"1600\" height=\"800\" class=\"alignnone size-full wp-image-2431\" srcset=\"https:\/\/itw-technik.de\/wp-content\/uploads\/itw-group-2019-1600x800.jpg 1600w, https:\/\/itw-technik.de\/wp-content\/uploads\/itw-group-2019-1600x800-768x384.jpg 768w\" sizes=\"auto, (max-width: 1600px) 100vw, 1600px\" \/><\/p>\n<\/div>\n<\/div><\/div><\/div><\/div><\/div>","protected":false},"excerpt":{"rendered":"<p>ITW Einweihungsfeier der neuen Produktionshalle Birstein, B\u00f6\u00df-Ges\u00e4\u00df (mm) Die Firma ITW Industrie-Technik Werth GmbH \u2013 kurz ITW \u2013 feierte am 30. August die Einweihung der neuen Stahlbauhalle. Diese erweitert den jetzigen Produktionsstandort um einen rund 800 m2\u00a0gro\u00dfen Produktionsbereich, sowie 270 m2\u00a0B\u00fcro- und Gesch\u00e4ftsr\u00e4ume. Das international erfolgreich t\u00e4tige Unternehmen ITW bietet ma\u00dfgeschneiderte L\u00f6sungen im Bereich Verpackungstechnik, [&hellip;]<\/p>\n","protected":false},"author":1,"featured_media":0,"comment_status":"closed","ping_status":"closed","sticky":false,"template":"","format":"standard","meta":{"footnotes":""},"categories":[4],"tags":[],"class_list":["post-2436","post","type-post","status-publish","format-standard","hentry","category-news"],"yoast_head":"<!-- This site is optimized with the Yoast SEO plugin v25.5 - https:\/\/yoast.com\/wordpress\/plugins\/seo\/ -->\n<title>Main-Kinzig-Kreis w\u00e4chst international - ITW Industrie-Technik Werth GmbH<\/title>\n<meta name=\"description\" content=\"Die Firma ITW feierte am 31. August die Einweihung der neuen Produktionshalle. Diese erweitert den jetzigen Produktionsstandort um einen rund 800 qm gro\u00dfen Produktionsbereich sowie 270 qm B\u00fcro- und Gesch\u00e4ftsr\u00e4ume.\" \/>\n<meta name=\"robots\" content=\"index, follow, max-snippet:-1, max-image-preview:large, max-video-preview:-1\" \/>\n<link rel=\"canonical\" href=\"https:\/\/itw-technik.de\/de\/main-kinzig-kreis-waechst-international\/\" \/>\n<meta name=\"twitter:card\" content=\"summary_large_image\" \/>\n<meta name=\"twitter:title\" content=\"Main-Kinzig-Kreis w\u00e4chst international - ITW Industrie-Technik Werth GmbH\" \/>\n<meta name=\"twitter:description\" content=\"Die Firma ITW feierte am 31. August die Einweihung der neuen Produktionshalle. Diese erweitert den jetzigen Produktionsstandort um einen rund 800 qm gro\u00dfen Produktionsbereich sowie 270 qm B\u00fcro- und Gesch\u00e4ftsr\u00e4ume.\" \/>\n<meta name=\"twitter:image\" content=\"https:\/\/itw-technik.de\/wp-content\/uploads\/itw-neue-produktionshalle-2019-DJI-0026-730x500.jpg\" \/>\n<meta name=\"twitter:label1\" content=\"Verfasst von\" \/>\n\t<meta name=\"twitter:data1\" content=\"Kurznoch\" \/>\n\t<meta name=\"twitter:label2\" content=\"Gesch\u00e4tzte Lesezeit\" \/>\n\t<meta name=\"twitter:data2\" content=\"1\u00a0Minute\" \/>\n<script type=\"application\/ld+json\" class=\"yoast-schema-graph\">{\"@context\":\"https:\/\/schema.org\",\"@graph\":[{\"@type\":\"WebPage\",\"@id\":\"https:\/\/itw-technik.de\/de\/main-kinzig-kreis-waechst-international\/\",\"url\":\"https:\/\/itw-technik.de\/de\/main-kinzig-kreis-waechst-international\/\",\"name\":\"Main-Kinzig-Kreis w\u00e4chst international - ITW Industrie-Technik Werth GmbH\",\"isPartOf\":{\"@id\":\"https:\/\/itw-technik.de\/de\/#website\"},\"primaryImageOfPage\":{\"@id\":\"https:\/\/itw-technik.de\/de\/main-kinzig-kreis-waechst-international\/#primaryimage\"},\"image\":{\"@id\":\"https:\/\/itw-technik.de\/de\/main-kinzig-kreis-waechst-international\/#primaryimage\"},\"thumbnailUrl\":\"https:\/\/itw-technik.de\/wp-content\/uploads\/itw-neue-produktionshalle-2019-DJI-0026-730x500.jpg\",\"datePublished\":\"2019-09-04T18:51:07+00:00\",\"dateModified\":\"2019-09-05T19:09:27+00:00\",\"author\":{\"@id\":\"https:\/\/itw-technik.de\/de\/#\/schema\/person\/ca2ee717c72c9c29443e4d9f6c46fab7\"},\"description\":\"Die Firma ITW feierte am 31. August die Einweihung der neuen Produktionshalle. Diese erweitert den jetzigen Produktionsstandort um einen rund 800 qm gro\u00dfen Produktionsbereich sowie 270 qm B\u00fcro- und Gesch\u00e4ftsr\u00e4ume.\",\"inLanguage\":\"de\",\"potentialAction\":[{\"@type\":\"ReadAction\",\"target\":[\"https:\/\/itw-technik.de\/de\/main-kinzig-kreis-waechst-international\/\"]}]},{\"@type\":\"ImageObject\",\"inLanguage\":\"de\",\"@id\":\"https:\/\/itw-technik.de\/de\/main-kinzig-kreis-waechst-international\/#primaryimage\",\"url\":\"https:\/\/itw-technik.de\/wp-content\/uploads\/itw-neue-produktionshalle-2019-DJI-0026-730x500.jpg\",\"contentUrl\":\"https:\/\/itw-technik.de\/wp-content\/uploads\/itw-neue-produktionshalle-2019-DJI-0026-730x500.jpg\"},{\"@type\":\"WebSite\",\"@id\":\"https:\/\/itw-technik.de\/de\/#website\",\"url\":\"https:\/\/itw-technik.de\/de\/\",\"name\":\"ITW Industrie-Technik Werth GmbH\",\"description\":\"Industrie Technik Maschinenbau\",\"potentialAction\":[{\"@type\":\"SearchAction\",\"target\":{\"@type\":\"EntryPoint\",\"urlTemplate\":\"https:\/\/itw-technik.de\/de\/?s={search_term_string}\"},\"query-input\":{\"@type\":\"PropertyValueSpecification\",\"valueRequired\":true,\"valueName\":\"search_term_string\"}}],\"inLanguage\":\"de\"},{\"@type\":\"Person\",\"@id\":\"https:\/\/itw-technik.de\/de\/#\/schema\/person\/ca2ee717c72c9c29443e4d9f6c46fab7\",\"name\":\"Kurznoch\",\"url\":\"https:\/\/itw-technik.de\/de\/author\/kurznoch\/\"}]}<\/script>\n<!-- \/ Yoast SEO plugin. -->","yoast_head_json":{"title":"Main-Kinzig-Kreis w\u00e4chst international - ITW Industrie-Technik Werth GmbH","description":"Die Firma ITW feierte am 31. August die Einweihung der neuen Produktionshalle. Diese erweitert den jetzigen Produktionsstandort um einen rund 800 qm gro\u00dfen Produktionsbereich sowie 270 qm B\u00fcro- und Gesch\u00e4ftsr\u00e4ume.","robots":{"index":"index","follow":"follow","max-snippet":"max-snippet:-1","max-image-preview":"max-image-preview:large","max-video-preview":"max-video-preview:-1"},"canonical":"https:\/\/itw-technik.de\/de\/main-kinzig-kreis-waechst-international\/","twitter_card":"summary_large_image","twitter_title":"Main-Kinzig-Kreis w\u00e4chst international - ITW Industrie-Technik Werth GmbH","twitter_description":"Die Firma ITW feierte am 31. August die Einweihung der neuen Produktionshalle. Diese erweitert den jetzigen Produktionsstandort um einen rund 800 qm gro\u00dfen Produktionsbereich sowie 270 qm B\u00fcro- und Gesch\u00e4ftsr\u00e4ume.","twitter_image":"https:\/\/itw-technik.de\/wp-content\/uploads\/itw-neue-produktionshalle-2019-DJI-0026-730x500.jpg","twitter_misc":{"Verfasst von":"Kurznoch","Gesch\u00e4tzte Lesezeit":"1\u00a0Minute"},"schema":{"@context":"https:\/\/schema.org","@graph":[{"@type":"WebPage","@id":"https:\/\/itw-technik.de\/de\/main-kinzig-kreis-waechst-international\/","url":"https:\/\/itw-technik.de\/de\/main-kinzig-kreis-waechst-international\/","name":"Main-Kinzig-Kreis w\u00e4chst international - ITW Industrie-Technik Werth GmbH","isPartOf":{"@id":"https:\/\/itw-technik.de\/de\/#website"},"primaryImageOfPage":{"@id":"https:\/\/itw-technik.de\/de\/main-kinzig-kreis-waechst-international\/#primaryimage"},"image":{"@id":"https:\/\/itw-technik.de\/de\/main-kinzig-kreis-waechst-international\/#primaryimage"},"thumbnailUrl":"https:\/\/itw-technik.de\/wp-content\/uploads\/itw-neue-produktionshalle-2019-DJI-0026-730x500.jpg","datePublished":"2019-09-04T18:51:07+00:00","dateModified":"2019-09-05T19:09:27+00:00","author":{"@id":"https:\/\/itw-technik.de\/de\/#\/schema\/person\/ca2ee717c72c9c29443e4d9f6c46fab7"},"description":"Die Firma ITW feierte am 31. August die Einweihung der neuen Produktionshalle. Diese erweitert den jetzigen Produktionsstandort um einen rund 800 qm gro\u00dfen Produktionsbereich sowie 270 qm B\u00fcro- und Gesch\u00e4ftsr\u00e4ume.","inLanguage":"de","potentialAction":[{"@type":"ReadAction","target":["https:\/\/itw-technik.de\/de\/main-kinzig-kreis-waechst-international\/"]}]},{"@type":"ImageObject","inLanguage":"de","@id":"https:\/\/itw-technik.de\/de\/main-kinzig-kreis-waechst-international\/#primaryimage","url":"https:\/\/itw-technik.de\/wp-content\/uploads\/itw-neue-produktionshalle-2019-DJI-0026-730x500.jpg","contentUrl":"https:\/\/itw-technik.de\/wp-content\/uploads\/itw-neue-produktionshalle-2019-DJI-0026-730x500.jpg"},{"@type":"WebSite","@id":"https:\/\/itw-technik.de\/de\/#website","url":"https:\/\/itw-technik.de\/de\/","name":"ITW Industrie-Technik Werth GmbH","description":"Industrie Technik Maschinenbau","potentialAction":[{"@type":"SearchAction","target":{"@type":"EntryPoint","urlTemplate":"https:\/\/itw-technik.de\/de\/?s={search_term_string}"},"query-input":{"@type":"PropertyValueSpecification","valueRequired":true,"valueName":"search_term_string"}}],"inLanguage":"de"},{"@type":"Person","@id":"https:\/\/itw-technik.de\/de\/#\/schema\/person\/ca2ee717c72c9c29443e4d9f6c46fab7","name":"Kurznoch","url":"https:\/\/itw-technik.de\/de\/author\/kurznoch\/"}]}},"publishpress_future_action":{"enabled":false,"date":"2026-05-06 16:14:27","action":"change-status","newStatus":"draft","terms":[],"taxonomy":"category","extraData":[]},"publishpress_future_workflow_manual_trigger":{"enabledWorkflows":[]},"_links":{"self":[{"href":"https:\/\/itw-technik.de\/de\/wp-json\/wp\/v2\/posts\/2436","targetHints":{"allow":["GET"]}}],"collection":[{"href":"https:\/\/itw-technik.de\/de\/wp-json\/wp\/v2\/posts"}],"about":[{"href":"https:\/\/itw-technik.de\/de\/wp-json\/wp\/v2\/types\/post"}],"author":[{"embeddable":true,"href":"https:\/\/itw-technik.de\/de\/wp-json\/wp\/v2\/users\/1"}],"replies":[{"embeddable":true,"href":"https:\/\/itw-technik.de\/de\/wp-json\/wp\/v2\/comments?post=2436"}],"version-history":[{"count":5,"href":"https:\/\/itw-technik.de\/de\/wp-json\/wp\/v2\/posts\/2436\/revisions"}],"predecessor-version":[{"id":2454,"href":"https:\/\/itw-technik.de\/de\/wp-json\/wp\/v2\/posts\/2436\/revisions\/2454"}],"wp:attachment":[{"href":"https:\/\/itw-technik.de\/de\/wp-json\/wp\/v2\/media?parent=2436"}],"wp:term":[{"taxonomy":"category","embeddable":true,"href":"https:\/\/itw-technik.de\/de\/wp-json\/wp\/v2\/categories?post=2436"},{"taxonomy":"post_tag","embeddable":true,"href":"https:\/\/itw-technik.de\/de\/wp-json\/wp\/v2\/tags?post=2436"}],"curies":[{"name":"wp","href":"https:\/\/api.w.org\/{rel}","templated":true}]}}