{"id":4653,"date":"2023-11-13T12:36:30","date_gmt":"2023-11-13T11:36:30","guid":{"rendered":"https:\/\/itw-technik.de\/?p=4653"},"modified":"2023-11-13T12:45:33","modified_gmt":"2023-11-13T11:45:33","slug":"food-tech-expo-2023","status":"publish","type":"post","link":"https:\/\/itw-technik.de\/de\/food-tech-expo-2023\/","title":{"rendered":"Food Tech Expo 2023"},"content":{"rendered":"<div id=\"pl-4653\"  class=\"panel-layout\" ><div id=\"pg-4653-0\"  class=\"panel-grid panel-no-style\" ><div id=\"pgc-4653-0-0\"  class=\"panel-grid-cell\" ><div id=\"panel-4653-0-0-0\" class=\"so-panel widget widget_sow-editor panel-first-child panel-last-child\" data-index=\"0\" ><div\n\t\t\t\n\t\t\tclass=\"so-widget-sow-editor so-widget-sow-editor-base\"\n\t\t\t\n\t\t>\n<div class=\"siteorigin-widget-tinymce textwidget\">\n\t<p>Als Hersteller f\u00fcr Wiegetechnik sind wir auf der Warschauer Food Tech Expo 2023 auf dem Stand unseres Vertriebspartners mit einer Alpha II Toppingwaage vertreten. Die Linearwaagentechnik erm\u00f6glicht in der Lebensmittelbranche L\u00f6sungen f\u00fcr Produkte und Spezialanwendungen, die mit konventionellen Konzepten nicht realisierbar w\u00e4ren. <\/p>\n<p>Wir freuen uns sehr, wenn wir Sie auf der Messe begr\u00fc\u00dfen d\u00fcrfen.<\/p>\n<\/div>\n<\/div><\/div><\/div><div id=\"pgc-4653-0-1\"  class=\"panel-grid-cell\" ><div id=\"panel-4653-0-1-0\" class=\"so-panel widget widget_sow-editor panel-first-child panel-last-child\" data-index=\"1\" ><div\n\t\t\t\n\t\t\tclass=\"so-widget-sow-editor so-widget-sow-editor-base\"\n\t\t\t\n\t\t>\n<div class=\"siteorigin-widget-tinymce textwidget\">\n\t<p><img loading=\"lazy\" decoding=\"async\" src=\"https:\/\/itw-technik.de\/wp-content\/uploads\/food-tech-logo-black.jpg\" alt=\"FOOD TECH EXPO 2023\" width=\"700\" height=\"186\" class=\"alignnone size-full wp-image-4654\" \/><\/p>\n<\/div>\n<\/div><\/div><\/div><\/div><\/div>","protected":false},"excerpt":{"rendered":"<p>Als Hersteller f\u00fcr Wiegetechnik sind wir auf der Warschauer Food Tech Expo 2023 auf dem Stand unseres Vertriebspartners mit einer Alpha II Toppingwaage vertreten. Die Linearwaagentechnik erm\u00f6glicht in der Lebensmittelbranche L\u00f6sungen f\u00fcr Produkte und Spezialanwendungen, die mit konventionellen Konzepten nicht realisierbar w\u00e4ren. Wir freuen uns sehr, wenn wir Sie auf der Messe begr\u00fc\u00dfen d\u00fcrfen.<\/p>\n","protected":false},"author":1,"featured_media":0,"comment_status":"closed","ping_status":"closed","sticky":false,"template":"","format":"standard","meta":{"footnotes":""},"categories":[4],"tags":[],"class_list":["post-4653","post","type-post","status-publish","format-standard","hentry","category-news"],"yoast_head":"<!-- This site is optimized with the Yoast SEO plugin v25.5 - https:\/\/yoast.com\/wordpress\/plugins\/seo\/ -->\n<title>Food Tech Expo 2023 - ITW Industrie-Technik Werth GmbH<\/title>\n<meta name=\"robots\" content=\"index, follow, max-snippet:-1, max-image-preview:large, max-video-preview:-1\" \/>\n<link rel=\"canonical\" href=\"https:\/\/itw-technik.de\/de\/food-tech-expo-2023\/\" \/>\n<meta name=\"twitter:card\" content=\"summary_large_image\" \/>\n<meta name=\"twitter:title\" content=\"Food Tech Expo 2023 - ITW Industrie-Technik Werth GmbH\" \/>\n<meta name=\"twitter:description\" content=\"Als Hersteller f\u00fcr Wiegetechnik sind wir auf der Warschauer Food Tech Expo 2023 auf dem Stand unseres Vertriebspartners mit einer Alpha II Toppingwaage vertreten. Die Linearwaagentechnik erm\u00f6glicht in der Lebensmittelbranche L\u00f6sungen f\u00fcr Produkte und Spezialanwendungen, die mit konventionellen Konzepten nicht realisierbar w\u00e4ren. Wir freuen uns sehr, wenn wir Sie auf der Messe begr\u00fc\u00dfen d\u00fcrfen.\" \/>\n<meta name=\"twitter:image\" content=\"https:\/\/itw-technik.de\/wp-content\/uploads\/food-tech-logo-black.jpg\" \/>\n<meta name=\"twitter:label1\" content=\"Verfasst von\" \/>\n\t<meta name=\"twitter:data1\" content=\"Kurznoch\" \/>\n\t<meta name=\"twitter:label2\" content=\"Gesch\u00e4tzte Lesezeit\" \/>\n\t<meta name=\"twitter:data2\" content=\"1\u00a0Minute\" \/>\n<script type=\"application\/ld+json\" class=\"yoast-schema-graph\">{\"@context\":\"https:\/\/schema.org\",\"@graph\":[{\"@type\":\"WebPage\",\"@id\":\"https:\/\/itw-technik.de\/de\/food-tech-expo-2023\/\",\"url\":\"https:\/\/itw-technik.de\/de\/food-tech-expo-2023\/\",\"name\":\"Food Tech Expo 2023 - ITW Industrie-Technik Werth GmbH\",\"isPartOf\":{\"@id\":\"https:\/\/itw-technik.de\/de\/#website\"},\"primaryImageOfPage\":{\"@id\":\"https:\/\/itw-technik.de\/de\/food-tech-expo-2023\/#primaryimage\"},\"image\":{\"@id\":\"https:\/\/itw-technik.de\/de\/food-tech-expo-2023\/#primaryimage\"},\"thumbnailUrl\":\"https:\/\/itw-technik.de\/wp-content\/uploads\/food-tech-logo-black.jpg\",\"datePublished\":\"2023-11-13T11:36:30+00:00\",\"dateModified\":\"2023-11-13T11:45:33+00:00\",\"author\":{\"@id\":\"https:\/\/itw-technik.de\/de\/#\/schema\/person\/ca2ee717c72c9c29443e4d9f6c46fab7\"},\"inLanguage\":\"de\",\"potentialAction\":[{\"@type\":\"ReadAction\",\"target\":[\"https:\/\/itw-technik.de\/de\/food-tech-expo-2023\/\"]}]},{\"@type\":\"ImageObject\",\"inLanguage\":\"de\",\"@id\":\"https:\/\/itw-technik.de\/de\/food-tech-expo-2023\/#primaryimage\",\"url\":\"https:\/\/itw-technik.de\/wp-content\/uploads\/food-tech-logo-black.jpg\",\"contentUrl\":\"https:\/\/itw-technik.de\/wp-content\/uploads\/food-tech-logo-black.jpg\"},{\"@type\":\"WebSite\",\"@id\":\"https:\/\/itw-technik.de\/de\/#website\",\"url\":\"https:\/\/itw-technik.de\/de\/\",\"name\":\"ITW Industrie-Technik Werth GmbH\",\"description\":\"Industrie Technik Maschinenbau\",\"potentialAction\":[{\"@type\":\"SearchAction\",\"target\":{\"@type\":\"EntryPoint\",\"urlTemplate\":\"https:\/\/itw-technik.de\/de\/?s={search_term_string}\"},\"query-input\":{\"@type\":\"PropertyValueSpecification\",\"valueRequired\":true,\"valueName\":\"search_term_string\"}}],\"inLanguage\":\"de\"},{\"@type\":\"Person\",\"@id\":\"https:\/\/itw-technik.de\/de\/#\/schema\/person\/ca2ee717c72c9c29443e4d9f6c46fab7\",\"name\":\"Kurznoch\",\"url\":\"https:\/\/itw-technik.de\/de\/author\/kurznoch\/\"}]}<\/script>\n<!-- \/ Yoast SEO plugin. -->","yoast_head_json":{"title":"Food Tech Expo 2023 - ITW Industrie-Technik Werth GmbH","robots":{"index":"index","follow":"follow","max-snippet":"max-snippet:-1","max-image-preview":"max-image-preview:large","max-video-preview":"max-video-preview:-1"},"canonical":"https:\/\/itw-technik.de\/de\/food-tech-expo-2023\/","twitter_card":"summary_large_image","twitter_title":"Food Tech Expo 2023 - ITW Industrie-Technik Werth GmbH","twitter_description":"Als Hersteller f\u00fcr Wiegetechnik sind wir auf der Warschauer Food Tech Expo 2023 auf dem Stand unseres Vertriebspartners mit einer Alpha II Toppingwaage vertreten. Die Linearwaagentechnik erm\u00f6glicht in der Lebensmittelbranche L\u00f6sungen f\u00fcr Produkte und Spezialanwendungen, die mit konventionellen Konzepten nicht realisierbar w\u00e4ren. Wir freuen uns sehr, wenn wir Sie auf der Messe begr\u00fc\u00dfen d\u00fcrfen.","twitter_image":"https:\/\/itw-technik.de\/wp-content\/uploads\/food-tech-logo-black.jpg","twitter_misc":{"Verfasst von":"Kurznoch","Gesch\u00e4tzte Lesezeit":"1\u00a0Minute"},"schema":{"@context":"https:\/\/schema.org","@graph":[{"@type":"WebPage","@id":"https:\/\/itw-technik.de\/de\/food-tech-expo-2023\/","url":"https:\/\/itw-technik.de\/de\/food-tech-expo-2023\/","name":"Food Tech Expo 2023 - ITW Industrie-Technik Werth GmbH","isPartOf":{"@id":"https:\/\/itw-technik.de\/de\/#website"},"primaryImageOfPage":{"@id":"https:\/\/itw-technik.de\/de\/food-tech-expo-2023\/#primaryimage"},"image":{"@id":"https:\/\/itw-technik.de\/de\/food-tech-expo-2023\/#primaryimage"},"thumbnailUrl":"https:\/\/itw-technik.de\/wp-content\/uploads\/food-tech-logo-black.jpg","datePublished":"2023-11-13T11:36:30+00:00","dateModified":"2023-11-13T11:45:33+00:00","author":{"@id":"https:\/\/itw-technik.de\/de\/#\/schema\/person\/ca2ee717c72c9c29443e4d9f6c46fab7"},"inLanguage":"de","potentialAction":[{"@type":"ReadAction","target":["https:\/\/itw-technik.de\/de\/food-tech-expo-2023\/"]}]},{"@type":"ImageObject","inLanguage":"de","@id":"https:\/\/itw-technik.de\/de\/food-tech-expo-2023\/#primaryimage","url":"https:\/\/itw-technik.de\/wp-content\/uploads\/food-tech-logo-black.jpg","contentUrl":"https:\/\/itw-technik.de\/wp-content\/uploads\/food-tech-logo-black.jpg"},{"@type":"WebSite","@id":"https:\/\/itw-technik.de\/de\/#website","url":"https:\/\/itw-technik.de\/de\/","name":"ITW Industrie-Technik Werth GmbH","description":"Industrie Technik Maschinenbau","potentialAction":[{"@type":"SearchAction","target":{"@type":"EntryPoint","urlTemplate":"https:\/\/itw-technik.de\/de\/?s={search_term_string}"},"query-input":{"@type":"PropertyValueSpecification","valueRequired":true,"valueName":"search_term_string"}}],"inLanguage":"de"},{"@type":"Person","@id":"https:\/\/itw-technik.de\/de\/#\/schema\/person\/ca2ee717c72c9c29443e4d9f6c46fab7","name":"Kurznoch","url":"https:\/\/itw-technik.de\/de\/author\/kurznoch\/"}]}},"publishpress_future_action":{"enabled":false,"date":"2026-05-06 15:10:00","action":"change-status","newStatus":"draft","terms":[],"taxonomy":"category","extraData":[]},"publishpress_future_workflow_manual_trigger":{"enabledWorkflows":[]},"_links":{"self":[{"href":"https:\/\/itw-technik.de\/de\/wp-json\/wp\/v2\/posts\/4653","targetHints":{"allow":["GET"]}}],"collection":[{"href":"https:\/\/itw-technik.de\/de\/wp-json\/wp\/v2\/posts"}],"about":[{"href":"https:\/\/itw-technik.de\/de\/wp-json\/wp\/v2\/types\/post"}],"author":[{"embeddable":true,"href":"https:\/\/itw-technik.de\/de\/wp-json\/wp\/v2\/users\/1"}],"replies":[{"embeddable":true,"href":"https:\/\/itw-technik.de\/de\/wp-json\/wp\/v2\/comments?post=4653"}],"version-history":[{"count":1,"href":"https:\/\/itw-technik.de\/de\/wp-json\/wp\/v2\/posts\/4653\/revisions"}],"predecessor-version":[{"id":4658,"href":"https:\/\/itw-technik.de\/de\/wp-json\/wp\/v2\/posts\/4653\/revisions\/4658"}],"wp:attachment":[{"href":"https:\/\/itw-technik.de\/de\/wp-json\/wp\/v2\/media?parent=4653"}],"wp:term":[{"taxonomy":"category","embeddable":true,"href":"https:\/\/itw-technik.de\/de\/wp-json\/wp\/v2\/categories?post=4653"},{"taxonomy":"post_tag","embeddable":true,"href":"https:\/\/itw-technik.de\/de\/wp-json\/wp\/v2\/tags?post=4653"}],"curies":[{"name":"wp","href":"https:\/\/api.w.org\/{rel}","templated":true}]}}